{"id":679,"date":"2021-04-07T18:02:55","date_gmt":"2021-04-07T22:02:55","guid":{"rendered":"https:\/\/viralcomtv.com\/?p=679"},"modified":"2021-04-07T18:02:55","modified_gmt":"2021-04-07T22:02:55","slug":"mujer-de-31-anos-de-edad-intento-quitarse-la-vida-con-elementos-organofosforados-junto-a-sus-dos-hijas","status":"publish","type":"post","link":"https:\/\/viralcomtv.com\/index.php\/2021\/04\/07\/mujer-de-31-anos-de-edad-intento-quitarse-la-vida-con-elementos-organofosforados-junto-a-sus-dos-hijas\/","title":{"rendered":"Mujer de 31 a\u00f1os de edad intent\u00f3 quitarse la vida con elementos organofosforados junto a sus dos hijas"},"content":{"rendered":"\n<p><strong>En la ciudad de El Alto, una mujer de 31 a\u00f1os de edad intent\u00f3 quitarse la vida con elementos organofosforados (que est\u00e1n usualmente en raticida) que ingiri\u00f3 con dos de sus hijas, debido a la dif\u00edcil situaci\u00f3n econ\u00f3mica que atravesaba, inform\u00f3 la Fuerza Especial de Lucha Contra el Crimen (FELCC).<\/strong><\/p>\n\n\n\n<figure class=\"wp-block-image size-large\"><img loading=\"lazy\" decoding=\"async\" width=\"700\" height=\"429\" src=\"https:\/\/viralcomtv.com\/wp-content\/uploads\/2021\/04\/ropa-joven-madre.jpg\" alt=\"\" class=\"wp-image-683\" srcset=\"https:\/\/viralcomtv.com\/wp-content\/uploads\/2021\/04\/ropa-joven-madre.jpg 700w, https:\/\/viralcomtv.com\/wp-content\/uploads\/2021\/04\/ropa-joven-madre-300x184.jpg 300w\" sizes=\"auto, (max-width: 700px) 100vw, 700px\" \/><\/figure>\n\n\n\n<p>El teniente Carlos Patzi, jefe de la Divisi\u00f3n Homicidios, indic\u00f3 que la joven tiene tres hijas (de siete a\u00f1os, cuatro a\u00f1os y seis meses de edad) y que se dedica a la venta de gelatinas y dulces, lo cual no cubr\u00eda los gastos de las ni\u00f1as.<\/p>\n\n\n\n<p>La Polic\u00eda visit\u00f3 la casa de la joven y constat\u00f3 que la misma viv\u00eda en condiciones precarias.<\/p>\n\n\n\n<p>Seg\u00fan el teniente Patzi, las afectadas por la ingesta del qu\u00edmico fueron la madre y sus dos ni\u00f1as.&nbsp;<\/p>\n\n\n\n<p>\u201cLa falta de econom\u00eda hace que esta madre llegue a tomar esta decisi\u00f3n que pone en riesgo a las dos hijas\u201d, sostuvo.<\/p>\n\n\n\n<p>La mujer y sus dos ni\u00f1as fueron llevada al Hospital del Norte para ser atendidas. La FELCC tom\u00f3 conocimiento del caso en el nosocomio.&nbsp;<\/p>\n\n\n\n<p>El oficial de la Polic\u00eda indic\u00f3 que las dos ni\u00f1as afectadas se encuentran estables, mientras que la madre fue aprehendida por tentativa de infanticidio.<br>&nbsp;<\/p>\n","protected":false},"excerpt":{"rendered":"<p>En la ciudad de El Alto, una mujer de 31 a\u00f1os de edad intent\u00f3 quitarse&#8230;<\/p>\n","protected":false},"author":3,"featured_media":683,"comment_status":"closed","ping_status":"open","sticky":false,"template":"","format":"standard","meta":{"footnotes":""},"categories":[22],"tags":[],"class_list":["post-679","post","type-post","status-publish","format-standard","has-post-thumbnail","hentry","category-bolivia"],"_links":{"self":[{"href":"https:\/\/viralcomtv.com\/index.php\/wp-json\/wp\/v2\/posts\/679","targetHints":{"allow":["GET"]}}],"collection":[{"href":"https:\/\/viralcomtv.com\/index.php\/wp-json\/wp\/v2\/posts"}],"about":[{"href":"https:\/\/viralcomtv.com\/index.php\/wp-json\/wp\/v2\/types\/post"}],"author":[{"embeddable":true,"href":"https:\/\/viralcomtv.com\/index.php\/wp-json\/wp\/v2\/users\/3"}],"replies":[{"embeddable":true,"href":"https:\/\/viralcomtv.com\/index.php\/wp-json\/wp\/v2\/comments?post=679"}],"version-history":[{"count":1,"href":"https:\/\/viralcomtv.com\/index.php\/wp-json\/wp\/v2\/posts\/679\/revisions"}],"predecessor-version":[{"id":686,"href":"https:\/\/viralcomtv.com\/index.php\/wp-json\/wp\/v2\/posts\/679\/revisions\/686"}],"wp:featuredmedia":[{"embeddable":true,"href":"https:\/\/viralcomtv.com\/index.php\/wp-json\/wp\/v2\/media\/683"}],"wp:attachment":[{"href":"https:\/\/viralcomtv.com\/index.php\/wp-json\/wp\/v2\/media?parent=679"}],"wp:term":[{"taxonomy":"category","embeddable":true,"href":"https:\/\/viralcomtv.com\/index.php\/wp-json\/wp\/v2\/categories?post=679"},{"taxonomy":"post_tag","embeddable":true,"href":"https:\/\/viralcomtv.com\/index.php\/wp-json\/wp\/v2\/tags?post=679"}],"curies":[{"name":"wp","href":"https:\/\/api.w.org\/{rel}","templated":true}]}}