{"id":804,"date":"2021-04-08T17:14:40","date_gmt":"2021-04-08T21:14:40","guid":{"rendered":"https:\/\/viralcomtv.com\/?p=804"},"modified":"2021-04-08T17:14:41","modified_gmt":"2021-04-08T21:14:41","slug":"comite-pro-santa-cruz-pide-a-bolsonaro-otorgar-asilo-a-la-exministra-pinckert","status":"publish","type":"post","link":"https:\/\/viralcomtv.com\/index.php\/2021\/04\/08\/comite-pro-santa-cruz-pide-a-bolsonaro-otorgar-asilo-a-la-exministra-pinckert\/","title":{"rendered":"Comit\u00e9 pro Santa Cruz pide a Bolsonaro otorgar asilo a la exministra Pinckert"},"content":{"rendered":"\n<p><strong>El Comit\u00e9 C\u00edvico pro Santa Cruz entreg\u00f3 una carta a la embajada de Brasil para solicitar al presidente Jair Bolsonaro que otorgue asilo a la exministra Mar\u00eda Elva Pinckert, porque considera que es v\u00edctima de una persecuci\u00f3n pol\u00edtica en Bolivia.<\/strong><\/p>\n\n\n\n<figure class=\"wp-block-image size-large\"><img loading=\"lazy\" decoding=\"async\" width=\"855\" height=\"527\" src=\"https:\/\/viralcomtv.com\/wp-content\/uploads\/2021\/04\/me-pinckert-4-8.jpg\" alt=\"\" class=\"wp-image-808\" srcset=\"https:\/\/viralcomtv.com\/wp-content\/uploads\/2021\/04\/me-pinckert-4-8.jpg 855w, https:\/\/viralcomtv.com\/wp-content\/uploads\/2021\/04\/me-pinckert-4-8-300x185.jpg 300w, https:\/\/viralcomtv.com\/wp-content\/uploads\/2021\/04\/me-pinckert-4-8-768x473.jpg 768w\" sizes=\"auto, (max-width: 855px) 100vw, 855px\" \/><\/figure>\n\n\n\n<p>El pedido surge despu\u00e9s de que la Fiscal\u00eda emiti\u00f3 una orden de aprehensi\u00f3n contra la exministra, por no presentarse a declarar en un proceso que se le sigue por la presunta comisi\u00f3n de nombramiento ilegal.<\/p>\n\n\n\n<p>Seg\u00fan la carta del Comit\u00e9, la exministra Pinckert solicit\u00f3 asilo a Brasil el pasado 30 de marzo.&nbsp;<\/p>\n\n\n\n<p>En la nota, los c\u00edvicos denuncian que existe una persecuci\u00f3n pol\u00edtica contra opositores, en la cual la justicia boliviana espera instrucciones del Gobierno. Mencionan como ejemplo el caso de Jeanine A\u00f1ez, que -en criterio del Comit\u00e9- fue encarcelada sin respetar las formalidades de la norma.<\/p>\n\n\n\n<p>Para el caso de Pinckert, el Comit\u00e9 denunci\u00f3 que no se respet\u00f3 sus garant\u00edas, \u201cno fue notificada personalmente, no le dejaron copia de la denuncia, no le permitieron justificar su inasistencia ni apersonarse voluntariamente, generando as\u00ed indefensi\u00f3n absoluta\u201d.<\/p>\n\n\n\n<p>Agrega que la exministra no tuvo conocimiento de los procesos y menos de sus contenidos, sino por los medios de comunicaci\u00f3n, y sin considerar su edad, su calidad de mujer y el estado an\u00edmico por la p\u00e9rdida de su esposo.<\/p>\n\n\n\n<p>En ese marco, el Comit\u00e9 indic\u00f3 que ya se ha solicitado a organismos la conformaci\u00f3n de una comisi\u00f3n internacional contra la violaci\u00f3n de derechos humanos, pero hasta que se reforme la justicia boliviana, pidi\u00f3 dar asilo a Pinckert.<\/p>\n\n\n\n<p>\u201cEntre tanto se logre la reestructuraci\u00f3n de un Sistema de Justicia independiente e imparcial, aparejamos documentaci\u00f3n para vuestro conocimiento y mejor entender, y al efecto pedimos respetuosamente a Su Autoridad. CONCEDA ASILO POL\u00cdTICO A FAVOR DE MARIA ELVA PINKERT DE PAZ\u201d, dice la carta enviada a Bolsonaro.<\/p>\n\n\n\n<p><\/p>\n","protected":false},"excerpt":{"rendered":"<p>El Comit\u00e9 C\u00edvico pro Santa Cruz entreg\u00f3 una carta a la embajada de Brasil para&#8230;<\/p>\n","protected":false},"author":3,"featured_media":808,"comment_status":"closed","ping_status":"open","sticky":false,"template":"","format":"standard","meta":{"footnotes":""},"categories":[22,30],"tags":[],"class_list":["post-804","post","type-post","status-publish","format-standard","has-post-thumbnail","hentry","category-bolivia","category-politica"],"_links":{"self":[{"href":"https:\/\/viralcomtv.com\/index.php\/wp-json\/wp\/v2\/posts\/804","targetHints":{"allow":["GET"]}}],"collection":[{"href":"https:\/\/viralcomtv.com\/index.php\/wp-json\/wp\/v2\/posts"}],"about":[{"href":"https:\/\/viralcomtv.com\/index.php\/wp-json\/wp\/v2\/types\/post"}],"author":[{"embeddable":true,"href":"https:\/\/viralcomtv.com\/index.php\/wp-json\/wp\/v2\/users\/3"}],"replies":[{"embeddable":true,"href":"https:\/\/viralcomtv.com\/index.php\/wp-json\/wp\/v2\/comments?post=804"}],"version-history":[{"count":1,"href":"https:\/\/viralcomtv.com\/index.php\/wp-json\/wp\/v2\/posts\/804\/revisions"}],"predecessor-version":[{"id":809,"href":"https:\/\/viralcomtv.com\/index.php\/wp-json\/wp\/v2\/posts\/804\/revisions\/809"}],"wp:featuredmedia":[{"embeddable":true,"href":"https:\/\/viralcomtv.com\/index.php\/wp-json\/wp\/v2\/media\/808"}],"wp:attachment":[{"href":"https:\/\/viralcomtv.com\/index.php\/wp-json\/wp\/v2\/media?parent=804"}],"wp:term":[{"taxonomy":"category","embeddable":true,"href":"https:\/\/viralcomtv.com\/index.php\/wp-json\/wp\/v2\/categories?post=804"},{"taxonomy":"post_tag","embeddable":true,"href":"https:\/\/viralcomtv.com\/index.php\/wp-json\/wp\/v2\/tags?post=804"}],"curies":[{"name":"wp","href":"https:\/\/api.w.org\/{rel}","templated":true}]}}