{"id":861,"date":"2021-04-08T19:01:08","date_gmt":"2021-04-08T23:01:08","guid":{"rendered":"https:\/\/viralcomtv.com\/?p=861"},"modified":"2021-04-08T19:02:42","modified_gmt":"2021-04-08T23:02:42","slug":"el-record-de-casi-19-000-menores-no-acompanados-que-llegaron-en-un-mes-a-la-frontera-de-estados-unidos","status":"publish","type":"post","link":"https:\/\/viralcomtv.com\/index.php\/2021\/04\/08\/el-record-de-casi-19-000-menores-no-acompanados-que-llegaron-en-un-mes-a-la-frontera-de-estados-unidos\/","title":{"rendered":"El r\u00e9cord de casi 19.000 menores no acompa\u00f1ados que llegaron en un mes a la frontera de Estados Unidos"},"content":{"rendered":"<div class=\"bbc-19j92fr e57qer20\" dir=\"ltr\">\n<p dir=\"ltr\">\n<p class=\"bbc-bm53ic e1cc2ql70\" dir=\"ltr\"><b><img loading=\"lazy\" decoding=\"async\" class=\"aligncenter wp-image-848 size-full\" src=\"https:\/\/viralcomtv.com\/wp-content\/uploads\/2021\/04\/117890556_ninagetty.jpg\" alt=\"\" width=\"800\" height=\"450\" srcset=\"https:\/\/viralcomtv.com\/wp-content\/uploads\/2021\/04\/117890556_ninagetty.jpg 800w, https:\/\/viralcomtv.com\/wp-content\/uploads\/2021\/04\/117890556_ninagetty-300x169.jpg 300w, https:\/\/viralcomtv.com\/wp-content\/uploads\/2021\/04\/117890556_ninagetty-768x432.jpg 768w\" sizes=\"auto, (max-width: 800px) 100vw, 800px\" \/><\/b><\/p>\n<p class=\"bbc-bm53ic e1cc2ql70\" dir=\"ltr\"><b>Casi 19.000 menores no acompa\u00f1ados llegaron en marzo a la frontera de Estados Unidos con M\u00e9xico.<\/b><\/p>\n<\/div>\n<div class=\"bbc-19j92fr e57qer20\" dir=\"ltr\">\n<p class=\"bbc-bm53ic e1cc2ql70\" dir=\"ltr\">La cifra anunciada por el gobierno de Estados Unidos este jueves es la m\u00e1s alta jam\u00e1s registrada en un mes y supone un test para la nueva presidencia de\u00a0<b>Joe Biden<\/b>.<\/p>\n<\/div>\n<div class=\"bbc-19j92fr e57qer20\" dir=\"ltr\">\n<p class=\"bbc-bm53ic e1cc2ql70\" dir=\"ltr\">Una mezcla de factores en Centroam\u00e9rica y en Estados Unidos est\u00e1n detr\u00e1s de este incremento.<\/p>\n<\/div>\n<div class=\"bbc-19j92fr e57qer20\" dir=\"ltr\">\n<p class=\"bbc-bm53ic e1cc2ql70\" dir=\"ltr\">El gobierno de Biden decidi\u00f3 dejar de expulsar a los ni\u00f1os que llegan solos, algo que la presidencia de Donald Trump hac\u00eda, y entregarlos a familiares que ya viven en el pa\u00eds mientras los tribunales estudian sus casos.<\/p>\n<\/div>\n","protected":false},"excerpt":{"rendered":"<p>Casi 19.000 menores no acompa\u00f1ados llegaron en marzo a la frontera de Estados Unidos con&#8230;<\/p>\n","protected":false},"author":1,"featured_media":848,"comment_status":"closed","ping_status":"closed","sticky":false,"template":"","format":"standard","meta":{"footnotes":""},"categories":[24],"tags":[],"class_list":["post-861","post","type-post","status-publish","format-standard","has-post-thumbnail","hentry","category-mundo"],"_links":{"self":[{"href":"https:\/\/viralcomtv.com\/index.php\/wp-json\/wp\/v2\/posts\/861","targetHints":{"allow":["GET"]}}],"collection":[{"href":"https:\/\/viralcomtv.com\/index.php\/wp-json\/wp\/v2\/posts"}],"about":[{"href":"https:\/\/viralcomtv.com\/index.php\/wp-json\/wp\/v2\/types\/post"}],"author":[{"embeddable":true,"href":"https:\/\/viralcomtv.com\/index.php\/wp-json\/wp\/v2\/users\/1"}],"replies":[{"embeddable":true,"href":"https:\/\/viralcomtv.com\/index.php\/wp-json\/wp\/v2\/comments?post=861"}],"version-history":[{"count":1,"href":"https:\/\/viralcomtv.com\/index.php\/wp-json\/wp\/v2\/posts\/861\/revisions"}],"predecessor-version":[{"id":862,"href":"https:\/\/viralcomtv.com\/index.php\/wp-json\/wp\/v2\/posts\/861\/revisions\/862"}],"wp:featuredmedia":[{"embeddable":true,"href":"https:\/\/viralcomtv.com\/index.php\/wp-json\/wp\/v2\/media\/848"}],"wp:attachment":[{"href":"https:\/\/viralcomtv.com\/index.php\/wp-json\/wp\/v2\/media?parent=861"}],"wp:term":[{"taxonomy":"category","embeddable":true,"href":"https:\/\/viralcomtv.com\/index.php\/wp-json\/wp\/v2\/categories?post=861"},{"taxonomy":"post_tag","embeddable":true,"href":"https:\/\/viralcomtv.com\/index.php\/wp-json\/wp\/v2\/tags?post=861"}],"curies":[{"name":"wp","href":"https:\/\/api.w.org\/{rel}","templated":true}]}}