{"id":897,"date":"2021-04-08T19:38:08","date_gmt":"2021-04-08T23:38:08","guid":{"rendered":"https:\/\/viralcomtv.com\/?p=897"},"modified":"2021-04-08T19:38:12","modified_gmt":"2021-04-08T23:38:12","slug":"10-obras-de-silvia-cuello-se-exhiben-en-casa-toscana-y-se-subastan-en-beneficio-de-los-animales-silvestres","status":"publish","type":"post","link":"https:\/\/viralcomtv.com\/index.php\/2021\/04\/08\/10-obras-de-silvia-cuello-se-exhiben-en-casa-toscana-y-se-subastan-en-beneficio-de-los-animales-silvestres\/","title":{"rendered":"10 obras de Silvia Cuello se exhiben en Casa Toscana y se subastan en beneficio de los animales silvestres"},"content":{"rendered":"<p><img loading=\"lazy\" decoding=\"async\" class=\"alignnone wp-image-892 \" src=\"https:\/\/viralcomtv.com\/wp-content\/uploads\/2021\/04\/imagen_1_cuadros.jpg\" alt=\"\" width=\"958\" height=\"535\" srcset=\"https:\/\/viralcomtv.com\/wp-content\/uploads\/2021\/04\/imagen_1_cuadros.jpg 770w, https:\/\/viralcomtv.com\/wp-content\/uploads\/2021\/04\/imagen_1_cuadros-300x168.jpg 300w, https:\/\/viralcomtv.com\/wp-content\/uploads\/2021\/04\/imagen_1_cuadros-768x429.jpg 768w\" sizes=\"auto, (max-width: 958px) 100vw, 958px\" \/><\/p>\n<p class=\"rtejustify\">La artista pl\u00e1stica espa\u00f1ola radicada en Bolivia, Silvia Cuello, retorna a las galer\u00edas con la exposici\u00f3n de \u201cSaudade\u201d, una nueva colecci\u00f3n compuesta por 10 cuadros que fueron realizados durante los meses de confinamiento. La inauguraci\u00f3n de esta muestra ser\u00e1 este viernes, a las 18:00, en la Casa Toscana (calle Santiv\u00e1\u00f1ez No. 134).<\/p>\n<p class=\"rtejustify\">Las obras, que tambi\u00e9n est\u00e1n disponibles en un cat\u00e1logo virtual en el siguiente enlace:<\/p>\n<p>https:\/\/bit.ly\/39X1WUJ, se encuentran actualmente en subasta para ayudar a la Comunidad Inti Wara Yassi. Esta ONG boliviana que cuida a animales silvestres que son rescatados del tr\u00e1fico est\u00e1 en apuros a causa de la pandemia.<\/p>\n<p class=\"rtejustify\">La subasta permanecer\u00e1 activa hasta el 14 de abril. Las pujas por cada obra pueden realizarse en la p\u00e1gina de Facebook de Casa Toscana https:\/\/bit.ly\/3mw93bI.<\/p>\n<p class=\"rtejustify\">\u201cAgradezco profundamente el apoyo desinteresado de la galer\u00eda Casa Toscana y de su director Rodrigo Velarde en este sentido\u201d.<\/p>\n<p class=\"rtejustify\">Para la artista, estas pinturas representan un cambio sustancial de estilo respecto a sus anteriores propuestas tanto en las que us\u00f3 la t\u00e9cnica del collage como en las otras realizadas con acuarela u \u00f3leo. \u201cEsta muestra es muy especial para m\u00ed, pues supone una vuelta a los salones f\u00edsicos de exposici\u00f3n, con un conjunto de obras que resume las sensaciones y emociones vividas durante este a\u00f1o de aislamiento\u201d, expresa Cuello. Esta es su primera exposici\u00f3n individual desde 2019.<\/p>\n<p class=\"rtejustify\">Debido a lo inesperado del confinamiento, la artista trabaj\u00f3 con los materiales que ten\u00eda disponibles en su casa. Us\u00f3 como soporte tablas de trup\u00e1n en vez de lienzos. La t\u00e9cnica empleada es el acr\u00edlico. \u201cEn esta serie he querido alejarme del realismo y experimentar con el poder de sugesti\u00f3n del color y la pincelada para transmitir sensaciones y emociones\u201d, se\u00f1ala.<\/p>\n<p class=\"rtejustify\">Este trabajo representa para Cuello \u201cun giro de 180 grados respecto a su serie anterior, una apuesta por descubrir nuevos lenguajes a nivel t\u00e9cnico, estil\u00edstico y conceptual. (\u2026) Personajes femeninos desubicados, adormecidos, anhelantes, componen una serie concebida y ejecutada bajo las especiales circunstancias en las que nos ha tocado y a\u00fan nos toca desenvolvernos\u201d.<\/p>\n<p class=\"rtejustify\">\n<p class=\"rtejustify\"><strong>Saudade<\/strong><\/p>\n<p class=\"rtejustify\">La palabra de origen portugu\u00e9s alude a un sentimiento emparentado con la melancol\u00eda, provocado por la distancia temporal o espacial de algo amado. La soledad, el aislamiento, el des\u00e1nimo, el letargo, el deseo reprimido, el encuentro con uno mismo se ven reflejados en esta serie compuesta por 10 obras de peque\u00f1o formato.<\/p>\n<p class=\"rtejustify\">\u201cLa realizaci\u00f3n de estas obras me ha ayudado mucho a sobrellevar el confinamiento. Cada una de ellas es una b\u00fasqueda a nivel estil\u00edstico y tambi\u00e9n una fotograf\u00eda de los estados de \u00e1nimo por los que he ido transitando\u201d, puntualiza la artista.<\/p>\n","protected":false},"excerpt":{"rendered":"<p>La artista pl\u00e1stica espa\u00f1ola radicada en Bolivia, Silvia Cuello, retorna a las galer\u00edas con la&#8230;<\/p>\n","protected":false},"author":1,"featured_media":892,"comment_status":"closed","ping_status":"closed","sticky":false,"template":"","format":"standard","meta":{"footnotes":""},"categories":[22,33],"tags":[],"class_list":["post-897","post","type-post","status-publish","format-standard","has-post-thumbnail","hentry","category-bolivia","category-cultura"],"_links":{"self":[{"href":"https:\/\/viralcomtv.com\/index.php\/wp-json\/wp\/v2\/posts\/897","targetHints":{"allow":["GET"]}}],"collection":[{"href":"https:\/\/viralcomtv.com\/index.php\/wp-json\/wp\/v2\/posts"}],"about":[{"href":"https:\/\/viralcomtv.com\/index.php\/wp-json\/wp\/v2\/types\/post"}],"author":[{"embeddable":true,"href":"https:\/\/viralcomtv.com\/index.php\/wp-json\/wp\/v2\/users\/1"}],"replies":[{"embeddable":true,"href":"https:\/\/viralcomtv.com\/index.php\/wp-json\/wp\/v2\/comments?post=897"}],"version-history":[{"count":1,"href":"https:\/\/viralcomtv.com\/index.php\/wp-json\/wp\/v2\/posts\/897\/revisions"}],"predecessor-version":[{"id":898,"href":"https:\/\/viralcomtv.com\/index.php\/wp-json\/wp\/v2\/posts\/897\/revisions\/898"}],"wp:featuredmedia":[{"embeddable":true,"href":"https:\/\/viralcomtv.com\/index.php\/wp-json\/wp\/v2\/media\/892"}],"wp:attachment":[{"href":"https:\/\/viralcomtv.com\/index.php\/wp-json\/wp\/v2\/media?parent=897"}],"wp:term":[{"taxonomy":"category","embeddable":true,"href":"https:\/\/viralcomtv.com\/index.php\/wp-json\/wp\/v2\/categories?post=897"},{"taxonomy":"post_tag","embeddable":true,"href":"https:\/\/viralcomtv.com\/index.php\/wp-json\/wp\/v2\/tags?post=897"}],"curies":[{"name":"wp","href":"https:\/\/api.w.org\/{rel}","templated":true}]}}